{"id":660,"date":"2012-03-03T22:14:00","date_gmt":"2012-03-03T21:14:00","guid":{"rendered":"http:\/\/aubertm.journalisteweb.be\/2012\/03\/03\/letat-les-grands-groupes-et-lemploi\/"},"modified":"2012-03-03T22:14:00","modified_gmt":"2012-03-03T21:14:00","slug":"letat-les-grands-groupes-et-lemploi","status":"publish","type":"post","link":"https:\/\/aubertm.me\/index.php\/2012\/03\/03\/letat-les-grands-groupes-et-lemploi\/","title":{"rendered":"L&#8217;Etat, les grands groupes et l&#8217;emploi"},"content":{"rendered":"<p>Je reste sid\u00e9r\u00e9e par l\u2019esclavagisme dans lequel politiques et syndicats aspirent \u00e0 joyeusement s\u2019ali\u00e9ner.<\/p>\n<h3>Contr\u00f4ler \u00e0 tous prix<\/h3>\n<p>En France, les machines \u00e0 lois que sont gouvernement et Assembl\u00e9e Nationale complexifient toujours plus les charges administratives des entreprises, et ce souvent \u00e0 des fins de \u201ccontr\u00f4le\u201d.<\/p>\n<p>R\u00e9sultat: d\u00e9p\u00f4ts de bilan et d\u00e9tresse pour les petits entrepreneurs, alors que les grands groupes d\u00e9passent\u00a0la taille critique leur permettant, par \u00e9conomies d\u2019\u00e9chelle,\u00a0de\u00a0g\u00e9rer ces demandes.<\/p>\n<p>On se retrouve au final avec un Etat soumis aux desideratas de ces grands groupes au poids social bien trop imposant. Et pour le coup, \u00e0 un Etat au contr\u00f4le amoindri!<\/p>\n<p>Cette politique de\u00a0d\u00e9dain\u00a0des TPE-PME se cristallise par <a title=\"\u00abLes PME sont prises en otage par certains grands groupes irresponsables\u00bb\" href=\"http:\/\/www.chefdentreprise.com\/Chef-d-entreprise-Magazine\/Article\/-Les-PME-sont-prises-en-otage-par-certains-grands-groupes-irresponsables--41948-1.htm?iPageNum=1&amp;TrierPar=2_DESC&amp;FldRech=stop+aux+mauvais+payeurs&amp;RadioExpression=&amp;RadioTitreArticle=ARTICLE&amp;DateDebMois=03&amp;DateDebAnnee=2010&amp;DateFinMois=03&amp;DateFinAnnee=2012&amp;Univers=CEM\" target=\"_blank\">les faillites caus\u00e9es par les grands groupes mauvais payeurs<\/a> (cf. <a title=\"Les PME ne sont pas les banquiers de notre \u00e9conomie\" href=\"http:\/\/www.croissanceplus.com\/?p=4704\" target=\"_blank\">leur lettre ouverte<\/a>), et contamine jusqu\u2019aux grandes administrations publiques qui pillent les jeunes pousses innovantes et prometteuses (<a title=\"Vu au d\u00e9partement communication de la Caisse des D\u00e9p\u00f4ts : une vision assez court-termiste des solutions durables&amp; #RSE #E20\" href=\"http:\/\/ht.ly\/9lZAP\" target=\"_blank\">la Caisse des d\u00e9p\u00f4ts et consignations vs WebcastStory<\/a>).<\/p>\n<h3>Cr\u00e9er de l\u2019emploi \u00e0 tous prix<\/h3>\n<p>En Belgique, cette complexit\u00e9 administrative a \u00e9t\u00e9 en partie simplifi\u00e9e (mais ch\u00e8rement) par la cr\u00e9ation des secr\u00e9tariats sociaux, qui soulagent en partie les petits employeurs. Mais l\u2019Etat aide financi\u00e8rement les grands groupes \u00e0 s\u2019installer sur le territoire nationale,\u00a0manifestement \u00e0 des fins \u00e9lectoralistes.<\/p>\n<p>Malheureusement plusieurs cons\u00e9quences n\u00e9fastes apparaissent alors sur le long terme:<\/p>\n<ul>\n<li>une r\u00e9elle d\u00e9pendance sociale aux d\u00e9cisions prises par des financiers non li\u00e9s \u00e0 ce territoire,<\/li>\n<li>des scandales financiers en cascade, car les grands groupes arrivent \u00e0 payer bien moins d\u2019imp\u00f4ts que les TPE-PME.<\/li>\n<\/ul>\n<p>La guerre \u00e9conomique \u00e0 laquelle nous assistons actuellement attise <a title=\"Lutte des classes 2.0\" href=\"http:\/\/www.exab.be\/2012\/lutte-des-classes-2-0\/\" target=\"_blank\">la suspicion fiscale entre salari\u00e9s et entreprises<\/a>.<\/p>\n<h3>Combiner contr\u00f4le et emplois?<\/h3>\n<p>Plus les entreprises sont grosses, plus les syndicats doivent taper fort pour se faire entendre, et plus on renforce le cycle de violence. Qui y gagne \u00e0 votre avis? Et qui perd tout, \u00e0 la fin de l\u2019histoire?<\/p>\n<p>A contrario, <a title=\"Les absences font toujours tort\" href=\"http:\/\/www.entreprendretoday.be\/content.php?news_id=6880&amp;source=entreprendretoday-newsletter\" target=\"_blank\">l\u2019implication des employ\u00e9s des PME\/TPE est bien plus grande<\/a>, et donc l\u2019absent\u00e9isme et les maladies professionnelles bien moins r\u00e9pandus\u2026 d\u2019o\u00f9 des co\u00fbts bien moindres pour les soins de sant\u00e9, mais aussi pour les services de protection des travailleurs (<a title=\"Les syndicats? Des mod\u00e8les vertueux \u00e0 suivre?\" href=\"http:\/\/moving-society.blogspot.com\/2012\/01\/les-syndicats-des-modeles-vertueux.html\" target=\"_blank\">et donc les syndicats\u2026<\/a>).<\/p>\n<p>Ma conclusion: au lieu de ne jurer que par les grands groupes, essayez plut\u00f4t de faciliter les conditions de d\u00e9veloppement pour les entrepreneurs locaux\u2026 \u00e0 taille humaine!<\/p>\n","protected":false},"excerpt":{"rendered":"<p>Je reste sid\u00e9r\u00e9e par l\u2019esclavagisme dans lequel politiques et syndicats aspirent \u00e0 joyeusement s\u2019ali\u00e9ner. Contr\u00f4ler \u00e0 tous prix En France, les machines \u00e0 lois que sont gouvernement et Assembl\u00e9e Nationale complexifient toujours plus les charges administratives des entreprises, et ce souvent \u00e0 des fins de \u201ccontr\u00f4le\u201d. R\u00e9sultat: d\u00e9p\u00f4ts de bilan et d\u00e9tresse pour les petits [&hellip;]<\/p>\n","protected":false},"author":2,"featured_media":0,"comment_status":"open","ping_status":"open","sticky":false,"template":"","format":"standard","meta":{"_jetpack_memberships_contains_paid_content":false,"footnotes":"","jetpack_publicize_message":"","jetpack_publicize_feature_enabled":true,"jetpack_social_post_already_shared":false,"jetpack_social_options":{"image_generator_settings":{"template":"highway","default_image_id":0,"font":"","enabled":false},"version":2}},"categories":[2],"tags":[10],"class_list":["post-660","post","type-post","status-publish","format-standard","hentry","category-change-management","tag-fr"],"jetpack_publicize_connections":[],"jetpack_featured_media_url":"","jetpack_sharing_enabled":true,"_links":{"self":[{"href":"https:\/\/aubertm.me\/index.php\/wp-json\/wp\/v2\/posts\/660","targetHints":{"allow":["GET"]}}],"collection":[{"href":"https:\/\/aubertm.me\/index.php\/wp-json\/wp\/v2\/posts"}],"about":[{"href":"https:\/\/aubertm.me\/index.php\/wp-json\/wp\/v2\/types\/post"}],"author":[{"embeddable":true,"href":"https:\/\/aubertm.me\/index.php\/wp-json\/wp\/v2\/users\/2"}],"replies":[{"embeddable":true,"href":"https:\/\/aubertm.me\/index.php\/wp-json\/wp\/v2\/comments?post=660"}],"version-history":[{"count":0,"href":"https:\/\/aubertm.me\/index.php\/wp-json\/wp\/v2\/posts\/660\/revisions"}],"wp:attachment":[{"href":"https:\/\/aubertm.me\/index.php\/wp-json\/wp\/v2\/media?parent=660"}],"wp:term":[{"taxonomy":"category","embeddable":true,"href":"https:\/\/aubertm.me\/index.php\/wp-json\/wp\/v2\/categories?post=660"},{"taxonomy":"post_tag","embeddable":true,"href":"https:\/\/aubertm.me\/index.php\/wp-json\/wp\/v2\/tags?post=660"}],"curies":[{"name":"wp","href":"https:\/\/api.w.org\/{rel}","templated":true}]}}